{"id":20918,"date":"2020-06-02T12:39:07","date_gmt":"2020-06-02T10:39:07","guid":{"rendered":"https:\/\/lyconse.nyside2.net\/?p=20918"},"modified":"2024-09-13T10:25:46","modified_gmt":"2024-09-13T08:25:46","slug":"10-myter-om-vaxning","status":"publish","type":"post","link":"https:\/\/lyconnordic.se\/privat\/nyheter\/10-myter-om-vaxning\/","title":{"rendered":"10 myter om vaxning"},"content":{"rendered":"<h3>Det finns en hel del myter och felaktiga antaganden n\u00e4r det kommer till vaxning. H\u00e4r har vi f\u00f6rs\u00f6kt reda ut n\u00e5gra av dem s\u00e5 att du l\u00e4ttare kan skilja p\u00e5 myter och fakta.<\/h3>\n<p><strong><span class=\"pink_number\">1.<\/span>\u00a0<b>G\u00f6r det h\u00e5ren tjockare?<\/b><\/strong><\/p>\n<p><strong>Myt:\u00a0<\/strong>H\u00e5ret blir tjockare eller m\u00f6rkare efter vaxning.<\/p>\n<p><strong>Fakta:\u00a0<\/strong>Vaxning tar med h\u00e5ret fr\u00e5n roten ist\u00e4llet f\u00f6r att sk\u00e4ra av h\u00e5ren p\u00e5 mitten som vid till exempel rakning, vilket g\u00f6r att h\u00e5ren faktiskt kan bli f\u00e4rre eller bli tunnare med tiden. Detta beror p\u00e5 att det med tiden bildas sm\u00e5 \u00e4rr i h\u00e5rs\u00e4cken s\u00e5 att nytt h\u00e5r inte kan v\u00e4xa ut d\u00e4r.<\/p>\n<p><b>2. G\u00f6r det ont?<br \/>\n<\/b><b><\/b><\/p>\n<p><b>Myt:<\/b>\u00a0Jag \u00e4r r\u00e4dd att jag inte kommer st\u00e5 ut med sm\u00e4rtan om jag vaxar mig.<br \/>\n<b><\/b><\/p>\n<p><b>Fakta:<\/b>\u00a0N\u00e4r du vaxar dig dras h\u00e5ren ut fr\u00e5n roten, vilket kan upplevas som sm\u00e4rtsamt. Vissa upplever vaxning som mindre sm\u00e4rtsamt \u00e4n annan typ av h\u00e5rborttagning med liknande metoder, som till exempel plockning med pincett eller epilator. Sm\u00e4rtan kan bero p\u00e5 m\u00e5nga olika faktorer. Olika omr\u00e5den p\u00e5 kroppen \u00e4r olika k\u00e4nsliga och det finns ocks\u00e5 olika tekniker och olika typer av vax man kan anv\u00e4nda f\u00f6r att g\u00f6ra vaxningen s\u00e5 sm\u00e4rtfri som m\u00f6jligt. D\u00e4rf\u00f6r \u00e4r det viktigt att g\u00e5 till en salong med v\u00e4lutbildad personal som anv\u00e4nder b\u00e5de bra vax och bra teknik vid vaxning.<\/p>\n<p><b>3. Kan samma spatel anv\u00e4ndas?<\/b><br \/>\n<b><\/b><\/p>\n<p><b>Myt:<\/b>\u00a0Vaxet \u00e4r tillr\u00e4ckligt varmt f\u00f6r att d\u00f6da alla bakterier.<br \/>\n<b><\/b><\/p>\n<p><b>Fakta:<\/b>\u00a0Det kan vara farligt att anv\u00e4nda samma spatel vid flera vaxtillf\u00e4llen. Detta beror p\u00e5 att bakterier kan fastna p\u00e5 spateln och f\u00f6lja med till n\u00e4sta kund i det uppv\u00e4rmda vaxet. S\u00e5 fort spateln har nuddat vid kundens hud ska den allts\u00e5 sl\u00e4ngas omedelbart, utan att doppas om i vaxet. Detta kallas f\u00f6r double dipping. Fr\u00e5ga alltid salongen du g\u00e5r till om de undviker double dipping \u2013 om inte \u2013 g\u00e5 till en annan salong!<\/p>\n<p><b>4. Hur l\u00e4nge h\u00e5ller det?<\/b><br \/>\n<b><\/b><\/p>\n<p><b>Myt:<\/b>\u00a0Om h\u00e5ret v\u00e4xer tillbaka snabbt har terapeuten gjort fel.<br \/>\n<b><\/b><\/p>\n<p><b>Fakta:\u00a0<\/b>Om det \u00e4r mycket h\u00e5r kvar direkt efter vaxningen har n\u00e5got antagligen g\u00e5tt fel. Det kan dock bero p\u00e5 m\u00e5nga olika faktorer. Om du nyligen vaxat dig kan h\u00e5ren vara f\u00f6r korta f\u00f6r att kunna vaxas igen, till exempel. H\u00e5ren v\u00e4xer ut igen i olika takt och efter ungef\u00e4r fyra veckor brukar man ber\u00e4kna att allt h\u00e5r har v\u00e4xt tillbaka.<\/p>\n<p><b>5.\u00a0<\/b><b>Br\u00e4nns det?<\/b><br \/>\n<b><\/b><\/p>\n<p><b>Myt<\/b>: Vaxet \u00e4r s\u00e5 hett att det br\u00e4nns.<br \/>\n<b><\/b><\/p>\n<p><b>Fakta:<\/b>\u00a0Vaxet kan ibland v\u00e4rmas upp s\u00e5 att det blir f\u00f6r hett. Det kan bero p\u00e5 vaxv\u00e4rmarens kvalitet eller inst\u00e4llningar. H\u00e4r \u00e4r det upp till terapeuten att se till att vaxet har r\u00e4tt arbetstemperatur innan det p\u00e5f\u00f6rs p\u00e5 kunden. Om du blir r\u00f6d eller f\u00e5r utslag efter vaxningen beror det s\u00e4llan p\u00e5 att du br\u00e4nt dig. Det kan bero p\u00e5 olika mediciner, att du har k\u00e4nslig hy eller att huden har exfolierats f\u00f6r mycket innan vaxning.<\/p>\n<p><b>6. Kan jag vaxa mig under mensen?<\/b><br \/>\n<b><\/b><\/p>\n<p><b>Myt<\/b>: Man ska inte vaxa sig n\u00e4r man har mens.<br \/>\n<b><\/b><\/p>\n<p><b>Fakta<\/b>: Ibland kan det avr\u00e5das att g\u00f6ra brasiliansk vaxning n\u00e4r man har mens. Det beror p\u00e5 att huden blir mer k\u00e4nslig runt det omr\u00e5det under mensen. Om man normalt sett inte upplevt att man har k\u00e4nslig hy i tidigare vaxbehandlingar g\u00e5r det bra att vaxa \u00e4ven dessa omr\u00e5den under mensen, om man ser till att anv\u00e4nda tampong. \u00d6vriga omr\u00e5den g\u00e5r utm\u00e4rkt att vaxa under mensen.<\/p>\n<p><b>7. Hur l\u00e5ngt m\u00e5ste h\u00e5ret vara?<\/b><br \/>\n<b><\/b><\/p>\n<p><b>Myt<\/b>: Ju l\u00e4ngre h\u00e5r, desto b\u00e4ttre.<br \/>\n<b><\/b><\/p>\n<p><b>Fakta:<\/b>\u00a0H\u00e5ret kan faktiskt vara b\u00e5de f\u00f6r kort och f\u00f6r l\u00e5ngt f\u00f6r vaxning. Den ultimata l\u00e4ngden brukar man s\u00e4ga \u00e4r mellan 6 mm till 1,5 cm.<\/p>\n<p><b>8. Kan jag vaxa mig hemma?<br \/>\n<\/b><b><\/b><\/p>\n<p><b>Myt:\u00a0<\/b>Det borde vara ganska l\u00e4tt att vaxa sig sj\u00e4lv.<br \/>\n<b><\/b><\/p>\n<p><b>Fakta<\/b>: Du kan spara mycket pengar genom att vaxa dig sj\u00e4lv hemma, men det \u00e4r mycket som kan g\u00e5 fel. Det kan se l\u00e4tt ut n\u00e4r du g\u00e5r till salongen och blir vaxad, men det kr\u00e4vs \u00f6vning f\u00f6r att f\u00e5 in r\u00e4tt teknik och det \u00e4r dessutom sv\u00e5rare att komma \u00e5t \u00f6verallt n\u00e4r du vaxar dig sj\u00e4lv.<\/p>\n<p><b>9. \u00c4r det bra f\u00f6r \u00f6gonbrynsformning?<\/b><\/p>\n<p><b>Myt:\u00a0<\/b>Du ska aldrig ta bort h\u00e5r \u00f6ver dina \u00f6gonbryn.<br \/>\n<b><\/b><\/p>\n<p><b>Fakta<\/b>: Man b\u00f6r inte ta bort h\u00e5r fr\u00e5n huvudformningen av \u00f6gonbrynet. Att ta bort lite h\u00e5r fr\u00e5n toppen kan ge dig en mer definerad look och hj\u00e4lpa till att j\u00e4mna ut \u00f6gonbryn med olikheter.<b><\/b><\/p>\n<p><b>10. \u00c4r det d\u00e5ligt f\u00f6r huden?<br \/>\n<\/b><b><\/b><\/p>\n<p><b>Myt:<\/b>\u00a0Det skadar huden och kan orsaka rynkor n\u00e4r man drar bort vaxet fr\u00e5n huden.<br \/>\n<b><\/b><\/p>\n<p><b>Fakta<\/b>: Vaxning exfolierar huden, vilket m\u00e5nga andra produkter ocks\u00e5 g\u00f6r som vi anv\u00e4nder p\u00e5 huden. N\u00e5gra biverkningar i samband med vaxning kan vara r\u00f6dhet, svullnad och r\u00f6da prickar och utslag. N\u00e4r vaxet dras bort fr\u00e5n huden \u00e4r det viktigt att ge huden st\u00f6d, en teknik som de flesta hudterapeuter b\u00f6r anv\u00e4nda sig av.<\/p>\n","protected":false},"excerpt":{"rendered":"<p>Det finns en hel del myter och felaktiga antaganden n\u00e4r det kommer till vaxning. H\u00e4r har vi f\u00f6rs\u00f6kt reda ut<\/p>\n","protected":false},"author":1,"featured_media":16085,"comment_status":"open","ping_status":"open","sticky":false,"template":"","format":"standard","meta":{"footnotes":""},"categories":[1],"tags":[213,214,217,218,216],"class_list":["post-20918","post","type-post","status-publish","format-standard","has-post-thumbnail","hentry","category-nyheter","tag-brasiliansk-vaxning","tag-harborttagning","tag-myter","tag-remsvax","tag-vaxning"],"yoast_head":"<!-- This site is optimized with the Yoast SEO plugin v27.5 - https:\/\/yoast.com\/product\/yoast-seo-wordpress\/ -->\n<title>10 myter om vaxning - LYCON Nordic - Sweden - Privat<\/title>\n<meta name=\"robots\" content=\"index, follow, max-snippet:-1, max-image-preview:large, max-video-preview:-1\" \/>\n<link rel=\"canonical\" href=\"https:\/\/lyconnordic.se\/nyheter\/10-myter-om-vaxning\/\" \/>\n<meta property=\"og:locale\" content=\"sv_SE\" \/>\n<meta property=\"og:type\" content=\"article\" \/>\n<meta property=\"og:title\" content=\"10 myter om vaxning - LYCON Nordic - Sweden - Privat\" \/>\n<meta property=\"og:description\" content=\"Det finns en hel del myter och felaktiga antaganden n\u00e4r det kommer till vaxning. H\u00e4r har vi f\u00f6rs\u00f6kt reda ut\" \/>\n<meta property=\"og:url\" content=\"https:\/\/lyconnordic.se\/nyheter\/10-myter-om-vaxning\/\" \/>\n<meta property=\"og:site_name\" content=\"LYCON Nordic - Sweden - Privat\" \/>\n<meta property=\"article:published_time\" content=\"2020-06-02T10:39:07+00:00\" \/>\n<meta property=\"article:modified_time\" content=\"2024-09-13T08:25:46+00:00\" \/>\n<meta property=\"og:image\" content=\"https:\/\/lyconnordic.se\/privat\/wp-content\/uploads\/2020\/06\/n7.jpg\" \/>\n\t<meta property=\"og:image:width\" content=\"900\" \/>\n\t<meta property=\"og:image:height\" content=\"675\" \/>\n\t<meta property=\"og:image:type\" content=\"image\/jpeg\" \/>\n<meta name=\"author\" content=\"Lycon Nordic\" \/>\n<meta name=\"twitter:card\" content=\"summary_large_image\" \/>\n<meta name=\"twitter:label1\" content=\"Skriven av\" \/>\n\t<meta name=\"twitter:data1\" content=\"Lycon Nordic\" \/>\n\t<meta name=\"twitter:label2\" content=\"Ber\u00e4knad l\u00e4stid\" \/>\n\t<meta name=\"twitter:data2\" content=\"5 minuter\" \/>\n<script type=\"application\/ld+json\" class=\"yoast-schema-graph\">{\"@context\":\"https:\\\/\\\/schema.org\",\"@graph\":[{\"@type\":\"Article\",\"@id\":\"https:\\\/\\\/lyconnordic.se\\\/nyheter\\\/10-myter-om-vaxning\\\/#article\",\"isPartOf\":{\"@id\":\"https:\\\/\\\/lyconnordic.se\\\/privat\\\/nyheter\\\/10-myter-om-vaxning\\\/\"},\"author\":{\"name\":\"Lycon Nordic\",\"@id\":\"https:\\\/\\\/lyconnordic.se\\\/privat\\\/#\\\/schema\\\/person\\\/51863a26bcd797ecd3dcde2cef5f6029\"},\"headline\":\"10 myter om vaxning\",\"datePublished\":\"2020-06-02T10:39:07+00:00\",\"dateModified\":\"2024-09-13T08:25:46+00:00\",\"mainEntityOfPage\":{\"@id\":\"https:\\\/\\\/lyconnordic.se\\\/privat\\\/nyheter\\\/10-myter-om-vaxning\\\/\"},\"wordCount\":930,\"commentCount\":0,\"image\":{\"@id\":\"https:\\\/\\\/lyconnordic.se\\\/nyheter\\\/10-myter-om-vaxning\\\/#primaryimage\"},\"thumbnailUrl\":\"https:\\\/\\\/lyconnordic.se\\\/privat\\\/wp-content\\\/uploads\\\/2020\\\/06\\\/n7.jpg\",\"keywords\":[\"Brasiliansk vaxning\",\"H\u00e5rborttagning\",\"Myter\",\"Remsvax\",\"Vaxning\"],\"articleSection\":[\"Nyheter\"],\"inLanguage\":\"sv-SE\",\"potentialAction\":[{\"@type\":\"CommentAction\",\"name\":\"Comment\",\"target\":[\"https:\\\/\\\/lyconnordic.se\\\/nyheter\\\/10-myter-om-vaxning\\\/#respond\"]}]},{\"@type\":\"WebPage\",\"@id\":\"https:\\\/\\\/lyconnordic.se\\\/privat\\\/nyheter\\\/10-myter-om-vaxning\\\/\",\"url\":\"https:\\\/\\\/lyconnordic.se\\\/nyheter\\\/10-myter-om-vaxning\\\/\",\"name\":\"10 myter om vaxning - LYCON Nordic - Sweden - Privat\",\"isPartOf\":{\"@id\":\"https:\\\/\\\/lyconnordic.se\\\/privat\\\/#website\"},\"primaryImageOfPage\":{\"@id\":\"https:\\\/\\\/lyconnordic.se\\\/nyheter\\\/10-myter-om-vaxning\\\/#primaryimage\"},\"image\":{\"@id\":\"https:\\\/\\\/lyconnordic.se\\\/nyheter\\\/10-myter-om-vaxning\\\/#primaryimage\"},\"thumbnailUrl\":\"https:\\\/\\\/lyconnordic.se\\\/privat\\\/wp-content\\\/uploads\\\/2020\\\/06\\\/n7.jpg\",\"datePublished\":\"2020-06-02T10:39:07+00:00\",\"dateModified\":\"2024-09-13T08:25:46+00:00\",\"author\":{\"@id\":\"https:\\\/\\\/lyconnordic.se\\\/privat\\\/#\\\/schema\\\/person\\\/51863a26bcd797ecd3dcde2cef5f6029\"},\"breadcrumb\":{\"@id\":\"https:\\\/\\\/lyconnordic.se\\\/nyheter\\\/10-myter-om-vaxning\\\/#breadcrumb\"},\"inLanguage\":\"sv-SE\",\"potentialAction\":[{\"@type\":\"ReadAction\",\"target\":[\"https:\\\/\\\/lyconnordic.se\\\/nyheter\\\/10-myter-om-vaxning\\\/\"]}]},{\"@type\":\"ImageObject\",\"inLanguage\":\"sv-SE\",\"@id\":\"https:\\\/\\\/lyconnordic.se\\\/nyheter\\\/10-myter-om-vaxning\\\/#primaryimage\",\"url\":\"https:\\\/\\\/lyconnordic.se\\\/privat\\\/wp-content\\\/uploads\\\/2020\\\/06\\\/n7.jpg\",\"contentUrl\":\"https:\\\/\\\/lyconnordic.se\\\/privat\\\/wp-content\\\/uploads\\\/2020\\\/06\\\/n7.jpg\",\"width\":900,\"height\":675},{\"@type\":\"BreadcrumbList\",\"@id\":\"https:\\\/\\\/lyconnordic.se\\\/nyheter\\\/10-myter-om-vaxning\\\/#breadcrumb\",\"itemListElement\":[{\"@type\":\"ListItem\",\"position\":1,\"name\":\"Hem\",\"item\":\"https:\\\/\\\/lyconnordic.se\\\/privat\\\/\"},{\"@type\":\"ListItem\",\"position\":2,\"name\":\"10 myter om vaxning\"}]},{\"@type\":\"WebSite\",\"@id\":\"https:\\\/\\\/lyconnordic.se\\\/privat\\\/#website\",\"url\":\"https:\\\/\\\/lyconnordic.se\\\/privat\\\/\",\"name\":\"LYCON Nordic - Sweden\",\"description\":\"Lycon Nordic - Vax, Milt h\u00e5rborttagningsvax, Brasiliansk Vaxning, Exklusivt h\u00e5rborttagningsvax\",\"potentialAction\":[{\"@type\":\"SearchAction\",\"target\":{\"@type\":\"EntryPoint\",\"urlTemplate\":\"https:\\\/\\\/lyconnordic.se\\\/privat\\\/?s={search_term_string}\"},\"query-input\":{\"@type\":\"PropertyValueSpecification\",\"valueRequired\":true,\"valueName\":\"search_term_string\"}}],\"inLanguage\":\"sv-SE\"},{\"@type\":\"Person\",\"@id\":\"https:\\\/\\\/lyconnordic.se\\\/privat\\\/#\\\/schema\\\/person\\\/51863a26bcd797ecd3dcde2cef5f6029\",\"name\":\"Lycon Nordic\",\"image\":{\"@type\":\"ImageObject\",\"inLanguage\":\"sv-SE\",\"@id\":\"https:\\\/\\\/secure.gravatar.com\\\/avatar\\\/0202be705079f3659d7c06194e1f9071a710cfc145e2b21fb713ff9cbab475b3?s=96&d=mm&r=g\",\"url\":\"https:\\\/\\\/secure.gravatar.com\\\/avatar\\\/0202be705079f3659d7c06194e1f9071a710cfc145e2b21fb713ff9cbab475b3?s=96&d=mm&r=g\",\"contentUrl\":\"https:\\\/\\\/secure.gravatar.com\\\/avatar\\\/0202be705079f3659d7c06194e1f9071a710cfc145e2b21fb713ff9cbab475b3?s=96&d=mm&r=g\",\"caption\":\"Lycon Nordic\"},\"sameAs\":[\"https:\\\/\\\/lyconnordic.se\\\/privat\"],\"url\":\"https:\\\/\\\/lyconnordic.se\\\/privat\\\/author\\\/lyconnordicadmin\\\/\"}]}<\/script>\n<!-- \/ Yoast SEO plugin. -->","yoast_head_json":{"title":"10 myter om vaxning - LYCON Nordic - Sweden - Privat","robots":{"index":"index","follow":"follow","max-snippet":"max-snippet:-1","max-image-preview":"max-image-preview:large","max-video-preview":"max-video-preview:-1"},"canonical":"https:\/\/lyconnordic.se\/nyheter\/10-myter-om-vaxning\/","og_locale":"sv_SE","og_type":"article","og_title":"10 myter om vaxning - LYCON Nordic - Sweden - Privat","og_description":"Det finns en hel del myter och felaktiga antaganden n\u00e4r det kommer till vaxning. H\u00e4r har vi f\u00f6rs\u00f6kt reda ut","og_url":"https:\/\/lyconnordic.se\/nyheter\/10-myter-om-vaxning\/","og_site_name":"LYCON Nordic - Sweden - Privat","article_published_time":"2020-06-02T10:39:07+00:00","article_modified_time":"2024-09-13T08:25:46+00:00","og_image":[{"width":900,"height":675,"url":"https:\/\/lyconnordic.se\/privat\/wp-content\/uploads\/2020\/06\/n7.jpg","type":"image\/jpeg"}],"author":"Lycon Nordic","twitter_card":"summary_large_image","twitter_misc":{"Skriven av":"Lycon Nordic","Ber\u00e4knad l\u00e4stid":"5 minuter"},"schema":{"@context":"https:\/\/schema.org","@graph":[{"@type":"Article","@id":"https:\/\/lyconnordic.se\/nyheter\/10-myter-om-vaxning\/#article","isPartOf":{"@id":"https:\/\/lyconnordic.se\/privat\/nyheter\/10-myter-om-vaxning\/"},"author":{"name":"Lycon Nordic","@id":"https:\/\/lyconnordic.se\/privat\/#\/schema\/person\/51863a26bcd797ecd3dcde2cef5f6029"},"headline":"10 myter om vaxning","datePublished":"2020-06-02T10:39:07+00:00","dateModified":"2024-09-13T08:25:46+00:00","mainEntityOfPage":{"@id":"https:\/\/lyconnordic.se\/privat\/nyheter\/10-myter-om-vaxning\/"},"wordCount":930,"commentCount":0,"image":{"@id":"https:\/\/lyconnordic.se\/nyheter\/10-myter-om-vaxning\/#primaryimage"},"thumbnailUrl":"https:\/\/lyconnordic.se\/privat\/wp-content\/uploads\/2020\/06\/n7.jpg","keywords":["Brasiliansk vaxning","H\u00e5rborttagning","Myter","Remsvax","Vaxning"],"articleSection":["Nyheter"],"inLanguage":"sv-SE","potentialAction":[{"@type":"CommentAction","name":"Comment","target":["https:\/\/lyconnordic.se\/nyheter\/10-myter-om-vaxning\/#respond"]}]},{"@type":"WebPage","@id":"https:\/\/lyconnordic.se\/privat\/nyheter\/10-myter-om-vaxning\/","url":"https:\/\/lyconnordic.se\/nyheter\/10-myter-om-vaxning\/","name":"10 myter om vaxning - LYCON Nordic - Sweden - Privat","isPartOf":{"@id":"https:\/\/lyconnordic.se\/privat\/#website"},"primaryImageOfPage":{"@id":"https:\/\/lyconnordic.se\/nyheter\/10-myter-om-vaxning\/#primaryimage"},"image":{"@id":"https:\/\/lyconnordic.se\/nyheter\/10-myter-om-vaxning\/#primaryimage"},"thumbnailUrl":"https:\/\/lyconnordic.se\/privat\/wp-content\/uploads\/2020\/06\/n7.jpg","datePublished":"2020-06-02T10:39:07+00:00","dateModified":"2024-09-13T08:25:46+00:00","author":{"@id":"https:\/\/lyconnordic.se\/privat\/#\/schema\/person\/51863a26bcd797ecd3dcde2cef5f6029"},"breadcrumb":{"@id":"https:\/\/lyconnordic.se\/nyheter\/10-myter-om-vaxning\/#breadcrumb"},"inLanguage":"sv-SE","potentialAction":[{"@type":"ReadAction","target":["https:\/\/lyconnordic.se\/nyheter\/10-myter-om-vaxning\/"]}]},{"@type":"ImageObject","inLanguage":"sv-SE","@id":"https:\/\/lyconnordic.se\/nyheter\/10-myter-om-vaxning\/#primaryimage","url":"https:\/\/lyconnordic.se\/privat\/wp-content\/uploads\/2020\/06\/n7.jpg","contentUrl":"https:\/\/lyconnordic.se\/privat\/wp-content\/uploads\/2020\/06\/n7.jpg","width":900,"height":675},{"@type":"BreadcrumbList","@id":"https:\/\/lyconnordic.se\/nyheter\/10-myter-om-vaxning\/#breadcrumb","itemListElement":[{"@type":"ListItem","position":1,"name":"Hem","item":"https:\/\/lyconnordic.se\/privat\/"},{"@type":"ListItem","position":2,"name":"10 myter om vaxning"}]},{"@type":"WebSite","@id":"https:\/\/lyconnordic.se\/privat\/#website","url":"https:\/\/lyconnordic.se\/privat\/","name":"LYCON Nordic - Sweden","description":"Lycon Nordic - Vax, Milt h\u00e5rborttagningsvax, Brasiliansk Vaxning, Exklusivt h\u00e5rborttagningsvax","potentialAction":[{"@type":"SearchAction","target":{"@type":"EntryPoint","urlTemplate":"https:\/\/lyconnordic.se\/privat\/?s={search_term_string}"},"query-input":{"@type":"PropertyValueSpecification","valueRequired":true,"valueName":"search_term_string"}}],"inLanguage":"sv-SE"},{"@type":"Person","@id":"https:\/\/lyconnordic.se\/privat\/#\/schema\/person\/51863a26bcd797ecd3dcde2cef5f6029","name":"Lycon Nordic","image":{"@type":"ImageObject","inLanguage":"sv-SE","@id":"https:\/\/secure.gravatar.com\/avatar\/0202be705079f3659d7c06194e1f9071a710cfc145e2b21fb713ff9cbab475b3?s=96&d=mm&r=g","url":"https:\/\/secure.gravatar.com\/avatar\/0202be705079f3659d7c06194e1f9071a710cfc145e2b21fb713ff9cbab475b3?s=96&d=mm&r=g","contentUrl":"https:\/\/secure.gravatar.com\/avatar\/0202be705079f3659d7c06194e1f9071a710cfc145e2b21fb713ff9cbab475b3?s=96&d=mm&r=g","caption":"Lycon Nordic"},"sameAs":["https:\/\/lyconnordic.se\/privat"],"url":"https:\/\/lyconnordic.se\/privat\/author\/lyconnordicadmin\/"}]}},"_links":{"self":[{"href":"https:\/\/lyconnordic.se\/privat\/wp-json\/wp\/v2\/posts\/20918","targetHints":{"allow":["GET"]}}],"collection":[{"href":"https:\/\/lyconnordic.se\/privat\/wp-json\/wp\/v2\/posts"}],"about":[{"href":"https:\/\/lyconnordic.se\/privat\/wp-json\/wp\/v2\/types\/post"}],"author":[{"embeddable":true,"href":"https:\/\/lyconnordic.se\/privat\/wp-json\/wp\/v2\/users\/1"}],"replies":[{"embeddable":true,"href":"https:\/\/lyconnordic.se\/privat\/wp-json\/wp\/v2\/comments?post=20918"}],"version-history":[{"count":1,"href":"https:\/\/lyconnordic.se\/privat\/wp-json\/wp\/v2\/posts\/20918\/revisions"}],"predecessor-version":[{"id":23145,"href":"https:\/\/lyconnordic.se\/privat\/wp-json\/wp\/v2\/posts\/20918\/revisions\/23145"}],"wp:featuredmedia":[{"embeddable":true,"href":"https:\/\/lyconnordic.se\/privat\/wp-json\/wp\/v2\/media\/16085"}],"wp:attachment":[{"href":"https:\/\/lyconnordic.se\/privat\/wp-json\/wp\/v2\/media?parent=20918"}],"wp:term":[{"taxonomy":"category","embeddable":true,"href":"https:\/\/lyconnordic.se\/privat\/wp-json\/wp\/v2\/categories?post=20918"},{"taxonomy":"post_tag","embeddable":true,"href":"https:\/\/lyconnordic.se\/privat\/wp-json\/wp\/v2\/tags?post=20918"}],"curies":[{"name":"wp","href":"https:\/\/api.w.org\/{rel}","templated":true}]}}