{"id":20923,"date":"2020-06-02T12:39:17","date_gmt":"2020-06-02T10:39:17","guid":{"rendered":"https:\/\/lyconse.nyside2.net\/?p=20923"},"modified":"2024-09-13T10:36:21","modified_gmt":"2024-09-13T08:36:21","slug":"varfor-investera-i-vaxkurs","status":"publish","type":"post","link":"https:\/\/lyconnordic.se\/privat\/nyheter\/varfor-investera-i-vaxkurs\/","title":{"rendered":"Varf\u00f6r investera i vaxkurs?"},"content":{"rendered":"<h3>Under v\u00e5ren har vi h\u00e4r p\u00e5\u00a0Lycon\u00a0Nordic\u00a0en stor f\u00f6rfr\u00e5gan p\u00e5 kurser i\u00a0Brasiliansk vaxning.<\/h3>\n<p>Detta kommer av den logiska anledningen att allt fler kunder ber om en Brasiliansk\u00a0vaxning under den varmare delen av \u00e5ret samt att det \u00e4r ett behandlingsalternativ vars\u00a0popularitet\u00a0har \u00f6kat drastiskt dom senaste \u00e5ren. F\u00f6r bara n\u00e5gra \u00e5r sedan var den Brasilianska\u00a0vax stilen\u00a0relativt ok\u00e4nd men nu \u00e4r den s\u00e5 pass vanlig att den ses som ett \u2018m\u00e5ste\u2019 f\u00f6r m\u00e5nga salongs\u00e4gare. Det \u00e4r ju ingen som tycker om att beh\u00f6va h\u00e4nvisa sina kunder till en annan salong f\u00f6r att dom inte erbjuder en viss typ av behandling.<\/p>\n<p>Om du \u00f6verv\u00e4ger att ta en kurs i Brasiliansk\u00a0vaxning\u00a0s\u00e5 skulle vi h\u00e4r p\u00e5\u00a0Lycon\u00a0Nordic\u00a0vilja komma med ett litet tips: l\u00e4r dig Brasiliansk\u00a0vaxning\u00a0<em>innan<\/em>\u00a0vax s\u00e4songen\u00a0tar full fart. Du f\u00e5r du god tid p\u00e5 dig att \u00f6va. Kom ih\u00e5g att \u201c\u00f6vning ger f\u00e4rdighet\u201d.<\/p>\n<p>Efter du tagit kursen s\u00e5 brukar vi rekommendera att du \u00f6var p\u00e5 4-6 modeller innan du b\u00f6rjar erbjuda Brasiliansk\u00a0vaxning\u00a0till fullt pris.<br \/>\nDetta f\u00f6r att s\u00e4kerst\u00e4lla att den behandling du ger dina kunder \u00e4r s\u00e5 snabb och sm\u00e4rtfri som m\u00f6jligt. Under kursen l\u00e4r du dig den b\u00e4sta tekniken f\u00f6r att kunna erbjuda en s\u00e5 n\u00e4ra sm\u00e4rtfri behandling som man m\u00f6jligtvis kan komma.<\/p>\n<p>En behandling b\u00f6r inte ta l\u00e4ngre \u00e4n 30 minuter totalt, fr\u00e5n det att din kund kommer in i behandlingsrummet tills det att din kund g\u00e5r ut igen.<\/p>\n<p>Med andra ord betyder detta att sj\u00e4lva behandlingen ska ta max. 20 minuter (naturligtvis beror detta p\u00e5 hur kraftig din kunds h\u00e5rv\u00e4xt \u00e4r).<\/p>\n<p>Med\u00a0Lycons\u00a0vaxer kan man vaxa bort v\u00e4ldigt korta h\u00e5r, detta bidrar till att dina kunder kan vaxa sig oftare och ju oftare man g\u00e5r och vaxar sig desto l\u00e4ttare lossnar h\u00e5ret. Detta bidrar d\u00e5 till en snabbare behandling som blir allt mer sm\u00e4rtfri varje g\u00e5ng.<\/p>\n<p>Brasiliansk\u00a0vaxning\u00a0med\u00a0Lycons\u00a0vaxer \u00e4r en v\u00e4ldigt popul\u00e4r behandling i hela v\u00e4rlden, det \u00e4r det mest skonsamma s\u00e4ttet att utf\u00f6ra vaxning av k\u00e4nsliga omr\u00e5den p\u00e5.<\/p>\n<p>Var v\u00e4l f\u00f6rberedd inf\u00f6r v\u00e5ren! Ta en kurs i Brasiliansk\u00a0vaxning\u00a0nu!<\/p>\n<p>F\u00f6r att boka en kurs eller om du vill ha mer information s\u00e5 \u00e4r det bara att kontakta oss p\u00e5\u00a0<a href=\"mailto:info@lyconnordic.se\">kundkontakt@lyconnordic.se<\/a>\u00a0eller ring 08 55119660.<\/p>\n","protected":false},"excerpt":{"rendered":"<p>Under v\u00e5ren har vi h\u00e4r p\u00e5\u00a0Lycon\u00a0Nordic\u00a0en stor f\u00f6rfr\u00e5gan p\u00e5 kurser i\u00a0Brasiliansk vaxning. Detta kommer av den logiska anledningen att allt<\/p>\n","protected":false},"author":1,"featured_media":16079,"comment_status":"open","ping_status":"open","sticky":false,"template":"","format":"standard","meta":{"footnotes":""},"categories":[1],"tags":[213,96,215],"class_list":["post-20923","post","type-post","status-publish","format-standard","has-post-thumbnail","hentry","category-nyheter","tag-brasiliansk-vaxning","tag-kurs","tag-vax"],"yoast_head":"<!-- This site is optimized with the Yoast SEO plugin v27.5 - https:\/\/yoast.com\/product\/yoast-seo-wordpress\/ -->\n<title>Varf\u00f6r investera i vaxkurs? - LYCON Nordic - Sweden - Privat<\/title>\n<meta name=\"robots\" content=\"index, follow, max-snippet:-1, max-image-preview:large, max-video-preview:-1\" \/>\n<link rel=\"canonical\" href=\"https:\/\/lyconnordic.se\/nyheter\/varfor-investera-i-vaxkurs\/\" \/>\n<meta property=\"og:locale\" content=\"sv_SE\" \/>\n<meta property=\"og:type\" content=\"article\" \/>\n<meta property=\"og:title\" content=\"Varf\u00f6r investera i vaxkurs? - LYCON Nordic - Sweden - Privat\" \/>\n<meta property=\"og:description\" content=\"Under v\u00e5ren har vi h\u00e4r p\u00e5\u00a0Lycon\u00a0Nordic\u00a0en stor f\u00f6rfr\u00e5gan p\u00e5 kurser i\u00a0Brasiliansk vaxning. Detta kommer av den logiska anledningen att allt\" \/>\n<meta property=\"og:url\" content=\"https:\/\/lyconnordic.se\/nyheter\/varfor-investera-i-vaxkurs\/\" \/>\n<meta property=\"og:site_name\" content=\"LYCON Nordic - Sweden - Privat\" \/>\n<meta property=\"article:published_time\" content=\"2020-06-02T10:39:17+00:00\" \/>\n<meta property=\"article:modified_time\" content=\"2024-09-13T08:36:21+00:00\" \/>\n<meta property=\"og:image\" content=\"https:\/\/lyconnordic.se\/privat\/wp-content\/uploads\/2020\/06\/n2.jpg\" \/>\n\t<meta property=\"og:image:width\" content=\"900\" \/>\n\t<meta property=\"og:image:height\" content=\"675\" \/>\n\t<meta property=\"og:image:type\" content=\"image\/jpeg\" \/>\n<meta name=\"author\" content=\"Lycon Nordic\" \/>\n<meta name=\"twitter:card\" content=\"summary_large_image\" \/>\n<meta name=\"twitter:label1\" content=\"Skriven av\" \/>\n\t<meta name=\"twitter:data1\" content=\"Lycon Nordic\" \/>\n\t<meta name=\"twitter:label2\" content=\"Ber\u00e4knad l\u00e4stid\" \/>\n\t<meta name=\"twitter:data2\" content=\"3 minuter\" \/>\n<script type=\"application\/ld+json\" class=\"yoast-schema-graph\">{\"@context\":\"https:\\\/\\\/schema.org\",\"@graph\":[{\"@type\":\"Article\",\"@id\":\"https:\\\/\\\/lyconnordic.se\\\/nyheter\\\/varfor-investera-i-vaxkurs\\\/#article\",\"isPartOf\":{\"@id\":\"https:\\\/\\\/lyconnordic.se\\\/privat\\\/nyheter\\\/varfor-investera-i-vaxkurs\\\/\"},\"author\":{\"name\":\"Lycon Nordic\",\"@id\":\"https:\\\/\\\/lyconnordic.se\\\/privat\\\/#\\\/schema\\\/person\\\/51863a26bcd797ecd3dcde2cef5f6029\"},\"headline\":\"Varf\u00f6r investera i vaxkurs?\",\"datePublished\":\"2020-06-02T10:39:17+00:00\",\"dateModified\":\"2024-09-13T08:36:21+00:00\",\"mainEntityOfPage\":{\"@id\":\"https:\\\/\\\/lyconnordic.se\\\/privat\\\/nyheter\\\/varfor-investera-i-vaxkurs\\\/\"},\"wordCount\":437,\"commentCount\":0,\"image\":{\"@id\":\"https:\\\/\\\/lyconnordic.se\\\/nyheter\\\/varfor-investera-i-vaxkurs\\\/#primaryimage\"},\"thumbnailUrl\":\"https:\\\/\\\/lyconnordic.se\\\/privat\\\/wp-content\\\/uploads\\\/2020\\\/06\\\/n2.jpg\",\"keywords\":[\"Brasiliansk vaxning\",\"Kurs\",\"Vax\"],\"articleSection\":[\"Nyheter\"],\"inLanguage\":\"sv-SE\",\"potentialAction\":[{\"@type\":\"CommentAction\",\"name\":\"Comment\",\"target\":[\"https:\\\/\\\/lyconnordic.se\\\/nyheter\\\/varfor-investera-i-vaxkurs\\\/#respond\"]}]},{\"@type\":\"WebPage\",\"@id\":\"https:\\\/\\\/lyconnordic.se\\\/privat\\\/nyheter\\\/varfor-investera-i-vaxkurs\\\/\",\"url\":\"https:\\\/\\\/lyconnordic.se\\\/nyheter\\\/varfor-investera-i-vaxkurs\\\/\",\"name\":\"Varf\u00f6r investera i vaxkurs? - LYCON Nordic - Sweden - Privat\",\"isPartOf\":{\"@id\":\"https:\\\/\\\/lyconnordic.se\\\/privat\\\/#website\"},\"primaryImageOfPage\":{\"@id\":\"https:\\\/\\\/lyconnordic.se\\\/nyheter\\\/varfor-investera-i-vaxkurs\\\/#primaryimage\"},\"image\":{\"@id\":\"https:\\\/\\\/lyconnordic.se\\\/nyheter\\\/varfor-investera-i-vaxkurs\\\/#primaryimage\"},\"thumbnailUrl\":\"https:\\\/\\\/lyconnordic.se\\\/privat\\\/wp-content\\\/uploads\\\/2020\\\/06\\\/n2.jpg\",\"datePublished\":\"2020-06-02T10:39:17+00:00\",\"dateModified\":\"2024-09-13T08:36:21+00:00\",\"author\":{\"@id\":\"https:\\\/\\\/lyconnordic.se\\\/privat\\\/#\\\/schema\\\/person\\\/51863a26bcd797ecd3dcde2cef5f6029\"},\"breadcrumb\":{\"@id\":\"https:\\\/\\\/lyconnordic.se\\\/nyheter\\\/varfor-investera-i-vaxkurs\\\/#breadcrumb\"},\"inLanguage\":\"sv-SE\",\"potentialAction\":[{\"@type\":\"ReadAction\",\"target\":[\"https:\\\/\\\/lyconnordic.se\\\/nyheter\\\/varfor-investera-i-vaxkurs\\\/\"]}]},{\"@type\":\"ImageObject\",\"inLanguage\":\"sv-SE\",\"@id\":\"https:\\\/\\\/lyconnordic.se\\\/nyheter\\\/varfor-investera-i-vaxkurs\\\/#primaryimage\",\"url\":\"https:\\\/\\\/lyconnordic.se\\\/privat\\\/wp-content\\\/uploads\\\/2020\\\/06\\\/n2.jpg\",\"contentUrl\":\"https:\\\/\\\/lyconnordic.se\\\/privat\\\/wp-content\\\/uploads\\\/2020\\\/06\\\/n2.jpg\",\"width\":900,\"height\":675},{\"@type\":\"BreadcrumbList\",\"@id\":\"https:\\\/\\\/lyconnordic.se\\\/nyheter\\\/varfor-investera-i-vaxkurs\\\/#breadcrumb\",\"itemListElement\":[{\"@type\":\"ListItem\",\"position\":1,\"name\":\"Hem\",\"item\":\"https:\\\/\\\/lyconnordic.se\\\/privat\\\/\"},{\"@type\":\"ListItem\",\"position\":2,\"name\":\"Varf\u00f6r investera i vaxkurs?\"}]},{\"@type\":\"WebSite\",\"@id\":\"https:\\\/\\\/lyconnordic.se\\\/privat\\\/#website\",\"url\":\"https:\\\/\\\/lyconnordic.se\\\/privat\\\/\",\"name\":\"LYCON Nordic - Sweden\",\"description\":\"Lycon Nordic - Vax, Milt h\u00e5rborttagningsvax, Brasiliansk Vaxning, Exklusivt h\u00e5rborttagningsvax\",\"potentialAction\":[{\"@type\":\"SearchAction\",\"target\":{\"@type\":\"EntryPoint\",\"urlTemplate\":\"https:\\\/\\\/lyconnordic.se\\\/privat\\\/?s={search_term_string}\"},\"query-input\":{\"@type\":\"PropertyValueSpecification\",\"valueRequired\":true,\"valueName\":\"search_term_string\"}}],\"inLanguage\":\"sv-SE\"},{\"@type\":\"Person\",\"@id\":\"https:\\\/\\\/lyconnordic.se\\\/privat\\\/#\\\/schema\\\/person\\\/51863a26bcd797ecd3dcde2cef5f6029\",\"name\":\"Lycon Nordic\",\"image\":{\"@type\":\"ImageObject\",\"inLanguage\":\"sv-SE\",\"@id\":\"https:\\\/\\\/secure.gravatar.com\\\/avatar\\\/0202be705079f3659d7c06194e1f9071a710cfc145e2b21fb713ff9cbab475b3?s=96&d=mm&r=g\",\"url\":\"https:\\\/\\\/secure.gravatar.com\\\/avatar\\\/0202be705079f3659d7c06194e1f9071a710cfc145e2b21fb713ff9cbab475b3?s=96&d=mm&r=g\",\"contentUrl\":\"https:\\\/\\\/secure.gravatar.com\\\/avatar\\\/0202be705079f3659d7c06194e1f9071a710cfc145e2b21fb713ff9cbab475b3?s=96&d=mm&r=g\",\"caption\":\"Lycon Nordic\"},\"sameAs\":[\"https:\\\/\\\/lyconnordic.se\\\/privat\"],\"url\":\"https:\\\/\\\/lyconnordic.se\\\/privat\\\/author\\\/lyconnordicadmin\\\/\"}]}<\/script>\n<!-- \/ Yoast SEO plugin. -->","yoast_head_json":{"title":"Varf\u00f6r investera i vaxkurs? - LYCON Nordic - Sweden - Privat","robots":{"index":"index","follow":"follow","max-snippet":"max-snippet:-1","max-image-preview":"max-image-preview:large","max-video-preview":"max-video-preview:-1"},"canonical":"https:\/\/lyconnordic.se\/nyheter\/varfor-investera-i-vaxkurs\/","og_locale":"sv_SE","og_type":"article","og_title":"Varf\u00f6r investera i vaxkurs? - LYCON Nordic - Sweden - Privat","og_description":"Under v\u00e5ren har vi h\u00e4r p\u00e5\u00a0Lycon\u00a0Nordic\u00a0en stor f\u00f6rfr\u00e5gan p\u00e5 kurser i\u00a0Brasiliansk vaxning. Detta kommer av den logiska anledningen att allt","og_url":"https:\/\/lyconnordic.se\/nyheter\/varfor-investera-i-vaxkurs\/","og_site_name":"LYCON Nordic - Sweden - Privat","article_published_time":"2020-06-02T10:39:17+00:00","article_modified_time":"2024-09-13T08:36:21+00:00","og_image":[{"width":900,"height":675,"url":"https:\/\/lyconnordic.se\/privat\/wp-content\/uploads\/2020\/06\/n2.jpg","type":"image\/jpeg"}],"author":"Lycon Nordic","twitter_card":"summary_large_image","twitter_misc":{"Skriven av":"Lycon Nordic","Ber\u00e4knad l\u00e4stid":"3 minuter"},"schema":{"@context":"https:\/\/schema.org","@graph":[{"@type":"Article","@id":"https:\/\/lyconnordic.se\/nyheter\/varfor-investera-i-vaxkurs\/#article","isPartOf":{"@id":"https:\/\/lyconnordic.se\/privat\/nyheter\/varfor-investera-i-vaxkurs\/"},"author":{"name":"Lycon Nordic","@id":"https:\/\/lyconnordic.se\/privat\/#\/schema\/person\/51863a26bcd797ecd3dcde2cef5f6029"},"headline":"Varf\u00f6r investera i vaxkurs?","datePublished":"2020-06-02T10:39:17+00:00","dateModified":"2024-09-13T08:36:21+00:00","mainEntityOfPage":{"@id":"https:\/\/lyconnordic.se\/privat\/nyheter\/varfor-investera-i-vaxkurs\/"},"wordCount":437,"commentCount":0,"image":{"@id":"https:\/\/lyconnordic.se\/nyheter\/varfor-investera-i-vaxkurs\/#primaryimage"},"thumbnailUrl":"https:\/\/lyconnordic.se\/privat\/wp-content\/uploads\/2020\/06\/n2.jpg","keywords":["Brasiliansk vaxning","Kurs","Vax"],"articleSection":["Nyheter"],"inLanguage":"sv-SE","potentialAction":[{"@type":"CommentAction","name":"Comment","target":["https:\/\/lyconnordic.se\/nyheter\/varfor-investera-i-vaxkurs\/#respond"]}]},{"@type":"WebPage","@id":"https:\/\/lyconnordic.se\/privat\/nyheter\/varfor-investera-i-vaxkurs\/","url":"https:\/\/lyconnordic.se\/nyheter\/varfor-investera-i-vaxkurs\/","name":"Varf\u00f6r investera i vaxkurs? - LYCON Nordic - Sweden - Privat","isPartOf":{"@id":"https:\/\/lyconnordic.se\/privat\/#website"},"primaryImageOfPage":{"@id":"https:\/\/lyconnordic.se\/nyheter\/varfor-investera-i-vaxkurs\/#primaryimage"},"image":{"@id":"https:\/\/lyconnordic.se\/nyheter\/varfor-investera-i-vaxkurs\/#primaryimage"},"thumbnailUrl":"https:\/\/lyconnordic.se\/privat\/wp-content\/uploads\/2020\/06\/n2.jpg","datePublished":"2020-06-02T10:39:17+00:00","dateModified":"2024-09-13T08:36:21+00:00","author":{"@id":"https:\/\/lyconnordic.se\/privat\/#\/schema\/person\/51863a26bcd797ecd3dcde2cef5f6029"},"breadcrumb":{"@id":"https:\/\/lyconnordic.se\/nyheter\/varfor-investera-i-vaxkurs\/#breadcrumb"},"inLanguage":"sv-SE","potentialAction":[{"@type":"ReadAction","target":["https:\/\/lyconnordic.se\/nyheter\/varfor-investera-i-vaxkurs\/"]}]},{"@type":"ImageObject","inLanguage":"sv-SE","@id":"https:\/\/lyconnordic.se\/nyheter\/varfor-investera-i-vaxkurs\/#primaryimage","url":"https:\/\/lyconnordic.se\/privat\/wp-content\/uploads\/2020\/06\/n2.jpg","contentUrl":"https:\/\/lyconnordic.se\/privat\/wp-content\/uploads\/2020\/06\/n2.jpg","width":900,"height":675},{"@type":"BreadcrumbList","@id":"https:\/\/lyconnordic.se\/nyheter\/varfor-investera-i-vaxkurs\/#breadcrumb","itemListElement":[{"@type":"ListItem","position":1,"name":"Hem","item":"https:\/\/lyconnordic.se\/privat\/"},{"@type":"ListItem","position":2,"name":"Varf\u00f6r investera i vaxkurs?"}]},{"@type":"WebSite","@id":"https:\/\/lyconnordic.se\/privat\/#website","url":"https:\/\/lyconnordic.se\/privat\/","name":"LYCON Nordic - Sweden","description":"Lycon Nordic - Vax, Milt h\u00e5rborttagningsvax, Brasiliansk Vaxning, Exklusivt h\u00e5rborttagningsvax","potentialAction":[{"@type":"SearchAction","target":{"@type":"EntryPoint","urlTemplate":"https:\/\/lyconnordic.se\/privat\/?s={search_term_string}"},"query-input":{"@type":"PropertyValueSpecification","valueRequired":true,"valueName":"search_term_string"}}],"inLanguage":"sv-SE"},{"@type":"Person","@id":"https:\/\/lyconnordic.se\/privat\/#\/schema\/person\/51863a26bcd797ecd3dcde2cef5f6029","name":"Lycon Nordic","image":{"@type":"ImageObject","inLanguage":"sv-SE","@id":"https:\/\/secure.gravatar.com\/avatar\/0202be705079f3659d7c06194e1f9071a710cfc145e2b21fb713ff9cbab475b3?s=96&d=mm&r=g","url":"https:\/\/secure.gravatar.com\/avatar\/0202be705079f3659d7c06194e1f9071a710cfc145e2b21fb713ff9cbab475b3?s=96&d=mm&r=g","contentUrl":"https:\/\/secure.gravatar.com\/avatar\/0202be705079f3659d7c06194e1f9071a710cfc145e2b21fb713ff9cbab475b3?s=96&d=mm&r=g","caption":"Lycon Nordic"},"sameAs":["https:\/\/lyconnordic.se\/privat"],"url":"https:\/\/lyconnordic.se\/privat\/author\/lyconnordicadmin\/"}]}},"_links":{"self":[{"href":"https:\/\/lyconnordic.se\/privat\/wp-json\/wp\/v2\/posts\/20923","targetHints":{"allow":["GET"]}}],"collection":[{"href":"https:\/\/lyconnordic.se\/privat\/wp-json\/wp\/v2\/posts"}],"about":[{"href":"https:\/\/lyconnordic.se\/privat\/wp-json\/wp\/v2\/types\/post"}],"author":[{"embeddable":true,"href":"https:\/\/lyconnordic.se\/privat\/wp-json\/wp\/v2\/users\/1"}],"replies":[{"embeddable":true,"href":"https:\/\/lyconnordic.se\/privat\/wp-json\/wp\/v2\/comments?post=20923"}],"version-history":[{"count":1,"href":"https:\/\/lyconnordic.se\/privat\/wp-json\/wp\/v2\/posts\/20923\/revisions"}],"predecessor-version":[{"id":23147,"href":"https:\/\/lyconnordic.se\/privat\/wp-json\/wp\/v2\/posts\/20923\/revisions\/23147"}],"wp:featuredmedia":[{"embeddable":true,"href":"https:\/\/lyconnordic.se\/privat\/wp-json\/wp\/v2\/media\/16079"}],"wp:attachment":[{"href":"https:\/\/lyconnordic.se\/privat\/wp-json\/wp\/v2\/media?parent=20923"}],"wp:term":[{"taxonomy":"category","embeddable":true,"href":"https:\/\/lyconnordic.se\/privat\/wp-json\/wp\/v2\/categories?post=20923"},{"taxonomy":"post_tag","embeddable":true,"href":"https:\/\/lyconnordic.se\/privat\/wp-json\/wp\/v2\/tags?post=20923"}],"curies":[{"name":"wp","href":"https:\/\/api.w.org\/{rel}","templated":true}]}}