{"id":23247,"date":"2025-01-20T12:29:59","date_gmt":"2025-01-20T11:29:59","guid":{"rendered":"https:\/\/lyconnordic.se\/privat\/?p=23247"},"modified":"2025-01-20T12:29:59","modified_gmt":"2025-01-20T11:29:59","slug":"forberedelser-och-eftervard-din-checklista-for-en-lyckad-vaxning","status":"publish","type":"post","link":"https:\/\/lyconnordic.se\/privat\/nyheter\/forberedelser-och-eftervard-din-checklista-for-en-lyckad-vaxning\/","title":{"rendered":"F\u00f6rberedelser och efterv\u00e5rd \u2013 din checklista f\u00f6r en lyckad vaxning"},"content":{"rendered":"<p><span style=\"font-weight: 400;\">Att vaxa huden kr\u00e4ver r\u00e4tt f\u00f6rberedelser och efterv\u00e5rd f\u00f6r b\u00e4sta resultat och en behaglig upplevelse. H\u00e4r \u00e4r allt du beh\u00f6ver t\u00e4nka p\u00e5 f\u00f6re, under och efter vaxningen.<\/span><\/p>\n<h4><b>F\u00f6rberedelser inf\u00f6r vaxning<\/b><\/h4>\n<ol>\n<li style=\"font-weight: 400;\" aria-level=\"1\"><b>Se till att h\u00e5ret \u00e4r r\u00e4tt l\u00e4ngd<\/b><b><br \/>\n<\/b><span style=\"font-weight: 400;\">H\u00e5ret b\u00f6r vara cirka 5\u201310 mm l\u00e5ngt (ungef\u00e4r som ett riskorn) f\u00f6r att vaxet ska kunna f\u00e4sta ordentligt.<\/span><\/li>\n<li style=\"font-weight: 400;\" aria-level=\"1\"><b>Exfoliera huden<\/b><b><br \/>\n<\/b><span style=\"font-weight: 400;\">Skrubba huden 24\u201348 timmar innan vaxning f\u00f6r att avl\u00e4gsna d\u00f6da hudceller och f\u00f6rebygga in\u00e5tv\u00e4xande h\u00e5r.<\/span><\/li>\n<li style=\"font-weight: 400;\" aria-level=\"1\"><b>Undvik sol och v\u00e4rme<\/b><b><br \/>\n<\/b><span style=\"font-weight: 400;\">Huden kan bli k\u00e4nsligare om du solar eller uts\u00e4tter den f\u00f6r v\u00e4rme, som bastu, minst ett dygn innan vaxning.<\/span><\/li>\n<li style=\"font-weight: 400;\" aria-level=\"1\"><b>Reng\u00f6r och h\u00e5ll huden torr<\/b><b><br \/>\n<\/b><span style=\"font-weight: 400;\">Se till att huden \u00e4r ren och torr precis innan. Ett tunt lager babypuder kan hj\u00e4lpa om huden k\u00e4nns fuktig.<\/span><\/li>\n<\/ol>\n<h4><b>Under vaxningen<\/b><\/h4>\n<ul>\n<li style=\"font-weight: 400;\" aria-level=\"1\"><b>Applicera vaxet r\u00e4tt<\/b><span style=\"font-weight: 400;\">: Stryk ut vaxet i h\u00e5rets v\u00e4xtriktning.<\/span><\/li>\n<li style=\"font-weight: 400;\" aria-level=\"1\"><b>Snabbt och s\u00e4kert<\/b><span style=\"font-weight: 400;\">: Ryck bort vaxet snabbt, <\/span><i><span style=\"font-weight: 400;\">mot<\/span><\/i><span style=\"font-weight: 400;\"> h\u00e5rets v\u00e4xtriktning.<\/span><\/li>\n<li style=\"font-weight: 400;\" aria-level=\"1\"><b>Slappna av<\/b><span style=\"font-weight: 400;\">: Djupa andetag och avslappning hj\u00e4lper till att minska sm\u00e4rtan.<\/span><\/li>\n<\/ul>\n<h4><b>Efterv\u00e5rd \u2013 nyckeln till ett perfekt resultat<\/b><\/h4>\n<ol>\n<li style=\"font-weight: 400;\" aria-level=\"1\"><b>Undvik v\u00e4rme och svett<\/b><b><br \/>\n<\/b><span style=\"font-weight: 400;\">Hoppa \u00f6ver varma duschar, bastu och tr\u00e4ning under de f\u00f6rsta 24 timmarna f\u00f6r att minska irritation.<\/span><\/li>\n<li style=\"font-weight: 400;\" aria-level=\"1\"><b>Skydda mot solen<\/b><b><br \/>\n<\/b><span style=\"font-weight: 400;\">Huden \u00e4r extra k\u00e4nslig efter vaxning. Undvik direkt solljus i minst 1\u20132 dagar.<\/span><\/li>\n<li style=\"font-weight: 400;\" aria-level=\"1\"><b>\u00c5terfukta och lugna huden<\/b><b><br \/>\n<\/b><span style=\"font-weight: 400;\">Anv\u00e4nd en parfymfri, lugnande kr\u00e4m f\u00f6r att motverka rodnad och h\u00e5lla huden mjuk.<\/span><\/li>\n<li style=\"font-weight: 400;\" aria-level=\"1\"><b>Exfoliera regelbundet<\/b><b><br \/>\n<\/b><span style=\"font-weight: 400;\">B\u00f6rja exfoliera huden 2\u20133 dagar efter vaxningen f\u00f6r att undvika in\u00e5tv\u00e4xande h\u00e5r.<\/span><\/li>\n<li style=\"font-weight: 400;\" aria-level=\"1\"><b>V\u00e4lj l\u00f6st sittande kl\u00e4der<\/b><b><br \/>\n<\/b><span style=\"font-weight: 400;\">Undvik att irritera huden genom att b\u00e4ra tajta kl\u00e4der direkt efter vaxning.<\/span><\/li>\n<li style=\"font-weight: 400;\" aria-level=\"1\"><b>Skippa starka produkter<\/b><b><br \/>\n<\/b><span style=\"font-weight: 400;\">Undvik parfymerade kr\u00e4mer, alkohol och kraftiga skrubbar under de f\u00f6rsta dagarna.<\/span><\/li>\n<\/ol>\n<p><b>Extra tips f\u00f6r b\u00e4sta resultat<\/b><\/p>\n<ul>\n<li style=\"font-weight: 400;\" aria-level=\"1\"><b>H\u00e5ll en rutin<\/b><span style=\"font-weight: 400;\">: Vaxa regelbundet var 4\u20136 vecka f\u00f6r att f\u00e5 tunnare och mer l\u00e4tthanterlig h\u00e5rv\u00e4xt.<\/span><\/li>\n<li style=\"font-weight: 400;\" aria-level=\"1\"><b>L\u00e5ngsiktig f\u00f6rdel<\/b><span style=\"font-weight: 400;\">: Med tiden kan h\u00e5rstr\u00e5na v\u00e4xa tillbaka b\u00e5de tunnare och glesare.<\/span><\/li>\n<\/ul>\n<p><span style=\"font-weight: 400;\">Genom att f\u00f6lja dessa steg f\u00e5r du en smidig och behaglig vaxningsupplevelse \u2013 varje g\u00e5ng!<\/span><\/p>\n","protected":false},"excerpt":{"rendered":"<p>Att vaxa huden kr\u00e4ver r\u00e4tt f\u00f6rberedelser och efterv\u00e5rd f\u00f6r b\u00e4sta resultat och en behaglig upplevelse. H\u00e4r \u00e4r allt du beh\u00f6ver<\/p>\n","protected":false},"author":1,"featured_media":23248,"comment_status":"open","ping_status":"closed","sticky":false,"template":"","format":"standard","meta":{"footnotes":""},"categories":[1],"tags":[],"class_list":["post-23247","post","type-post","status-publish","format-standard","has-post-thumbnail","hentry","category-nyheter"],"yoast_head":"<!-- This site is optimized with the Yoast SEO plugin v27.5 - https:\/\/yoast.com\/product\/yoast-seo-wordpress\/ -->\n<title>F\u00f6rberedelser och efterv\u00e5rd \u2013 din checklista f\u00f6r en lyckad vaxning - LYCON Nordic - Sweden - Privat<\/title>\n<meta name=\"robots\" content=\"index, follow, max-snippet:-1, max-image-preview:large, max-video-preview:-1\" \/>\n<link rel=\"canonical\" href=\"https:\/\/lyconnordic.se\/privat\/nyheter\/forberedelser-och-eftervard-din-checklista-for-en-lyckad-vaxning\/\" \/>\n<meta property=\"og:locale\" content=\"sv_SE\" \/>\n<meta property=\"og:type\" content=\"article\" \/>\n<meta property=\"og:title\" content=\"F\u00f6rberedelser och efterv\u00e5rd \u2013 din checklista f\u00f6r en lyckad vaxning - LYCON Nordic - Sweden - Privat\" \/>\n<meta property=\"og:description\" content=\"Att vaxa huden kr\u00e4ver r\u00e4tt f\u00f6rberedelser och efterv\u00e5rd f\u00f6r b\u00e4sta resultat och en behaglig upplevelse. H\u00e4r \u00e4r allt du beh\u00f6ver\" \/>\n<meta property=\"og:url\" content=\"https:\/\/lyconnordic.se\/privat\/nyheter\/forberedelser-och-eftervard-din-checklista-for-en-lyckad-vaxning\/\" \/>\n<meta property=\"og:site_name\" content=\"LYCON Nordic - Sweden - Privat\" \/>\n<meta property=\"article:published_time\" content=\"2025-01-20T11:29:59+00:00\" \/>\n<meta property=\"og:image\" content=\"https:\/\/lyconnordic.se\/privat\/wp-content\/uploads\/2025\/01\/checklista-vax.png\" \/>\n\t<meta property=\"og:image:width\" content=\"853\" \/>\n\t<meta property=\"og:image:height\" content=\"858\" \/>\n\t<meta property=\"og:image:type\" content=\"image\/png\" \/>\n<meta name=\"author\" content=\"Lycon Nordic\" \/>\n<meta name=\"twitter:card\" content=\"summary_large_image\" \/>\n<meta name=\"twitter:label1\" content=\"Skriven av\" \/>\n\t<meta name=\"twitter:data1\" content=\"Lycon Nordic\" \/>\n\t<meta name=\"twitter:label2\" content=\"Ber\u00e4knad l\u00e4stid\" \/>\n\t<meta name=\"twitter:data2\" content=\"2 minuter\" \/>\n<script type=\"application\/ld+json\" class=\"yoast-schema-graph\">{\"@context\":\"https:\\\/\\\/schema.org\",\"@graph\":[{\"@type\":\"Article\",\"@id\":\"https:\\\/\\\/lyconnordic.se\\\/privat\\\/nyheter\\\/forberedelser-och-eftervard-din-checklista-for-en-lyckad-vaxning\\\/#article\",\"isPartOf\":{\"@id\":\"https:\\\/\\\/lyconnordic.se\\\/privat\\\/nyheter\\\/forberedelser-och-eftervard-din-checklista-for-en-lyckad-vaxning\\\/\"},\"author\":{\"name\":\"Lycon Nordic\",\"@id\":\"https:\\\/\\\/lyconnordic.se\\\/privat\\\/#\\\/schema\\\/person\\\/51863a26bcd797ecd3dcde2cef5f6029\"},\"headline\":\"F\u00f6rberedelser och efterv\u00e5rd \u2013 din checklista f\u00f6r en lyckad vaxning\",\"datePublished\":\"2025-01-20T11:29:59+00:00\",\"mainEntityOfPage\":{\"@id\":\"https:\\\/\\\/lyconnordic.se\\\/privat\\\/nyheter\\\/forberedelser-och-eftervard-din-checklista-for-en-lyckad-vaxning\\\/\"},\"wordCount\":391,\"commentCount\":0,\"image\":{\"@id\":\"https:\\\/\\\/lyconnordic.se\\\/privat\\\/nyheter\\\/forberedelser-och-eftervard-din-checklista-for-en-lyckad-vaxning\\\/#primaryimage\"},\"thumbnailUrl\":\"https:\\\/\\\/lyconnordic.se\\\/privat\\\/wp-content\\\/uploads\\\/2025\\\/01\\\/checklista-vax.png\",\"articleSection\":[\"Nyheter\"],\"inLanguage\":\"sv-SE\",\"potentialAction\":[{\"@type\":\"CommentAction\",\"name\":\"Comment\",\"target\":[\"https:\\\/\\\/lyconnordic.se\\\/privat\\\/nyheter\\\/forberedelser-och-eftervard-din-checklista-for-en-lyckad-vaxning\\\/#respond\"]}]},{\"@type\":\"WebPage\",\"@id\":\"https:\\\/\\\/lyconnordic.se\\\/privat\\\/nyheter\\\/forberedelser-och-eftervard-din-checklista-for-en-lyckad-vaxning\\\/\",\"url\":\"https:\\\/\\\/lyconnordic.se\\\/privat\\\/nyheter\\\/forberedelser-och-eftervard-din-checklista-for-en-lyckad-vaxning\\\/\",\"name\":\"F\u00f6rberedelser och efterv\u00e5rd \u2013 din checklista f\u00f6r en lyckad vaxning - LYCON Nordic - Sweden - Privat\",\"isPartOf\":{\"@id\":\"https:\\\/\\\/lyconnordic.se\\\/privat\\\/#website\"},\"primaryImageOfPage\":{\"@id\":\"https:\\\/\\\/lyconnordic.se\\\/privat\\\/nyheter\\\/forberedelser-och-eftervard-din-checklista-for-en-lyckad-vaxning\\\/#primaryimage\"},\"image\":{\"@id\":\"https:\\\/\\\/lyconnordic.se\\\/privat\\\/nyheter\\\/forberedelser-och-eftervard-din-checklista-for-en-lyckad-vaxning\\\/#primaryimage\"},\"thumbnailUrl\":\"https:\\\/\\\/lyconnordic.se\\\/privat\\\/wp-content\\\/uploads\\\/2025\\\/01\\\/checklista-vax.png\",\"datePublished\":\"2025-01-20T11:29:59+00:00\",\"author\":{\"@id\":\"https:\\\/\\\/lyconnordic.se\\\/privat\\\/#\\\/schema\\\/person\\\/51863a26bcd797ecd3dcde2cef5f6029\"},\"breadcrumb\":{\"@id\":\"https:\\\/\\\/lyconnordic.se\\\/privat\\\/nyheter\\\/forberedelser-och-eftervard-din-checklista-for-en-lyckad-vaxning\\\/#breadcrumb\"},\"inLanguage\":\"sv-SE\",\"potentialAction\":[{\"@type\":\"ReadAction\",\"target\":[\"https:\\\/\\\/lyconnordic.se\\\/privat\\\/nyheter\\\/forberedelser-och-eftervard-din-checklista-for-en-lyckad-vaxning\\\/\"]}]},{\"@type\":\"ImageObject\",\"inLanguage\":\"sv-SE\",\"@id\":\"https:\\\/\\\/lyconnordic.se\\\/privat\\\/nyheter\\\/forberedelser-och-eftervard-din-checklista-for-en-lyckad-vaxning\\\/#primaryimage\",\"url\":\"https:\\\/\\\/lyconnordic.se\\\/privat\\\/wp-content\\\/uploads\\\/2025\\\/01\\\/checklista-vax.png\",\"contentUrl\":\"https:\\\/\\\/lyconnordic.se\\\/privat\\\/wp-content\\\/uploads\\\/2025\\\/01\\\/checklista-vax.png\",\"width\":853,\"height\":858},{\"@type\":\"BreadcrumbList\",\"@id\":\"https:\\\/\\\/lyconnordic.se\\\/privat\\\/nyheter\\\/forberedelser-och-eftervard-din-checklista-for-en-lyckad-vaxning\\\/#breadcrumb\",\"itemListElement\":[{\"@type\":\"ListItem\",\"position\":1,\"name\":\"Hem\",\"item\":\"https:\\\/\\\/lyconnordic.se\\\/privat\\\/\"},{\"@type\":\"ListItem\",\"position\":2,\"name\":\"F\u00f6rberedelser och efterv\u00e5rd \u2013 din checklista f\u00f6r en lyckad vaxning\"}]},{\"@type\":\"WebSite\",\"@id\":\"https:\\\/\\\/lyconnordic.se\\\/privat\\\/#website\",\"url\":\"https:\\\/\\\/lyconnordic.se\\\/privat\\\/\",\"name\":\"LYCON Nordic - Sweden\",\"description\":\"Lycon Nordic - Vax, Milt h\u00e5rborttagningsvax, Brasiliansk Vaxning, Exklusivt h\u00e5rborttagningsvax\",\"potentialAction\":[{\"@type\":\"SearchAction\",\"target\":{\"@type\":\"EntryPoint\",\"urlTemplate\":\"https:\\\/\\\/lyconnordic.se\\\/privat\\\/?s={search_term_string}\"},\"query-input\":{\"@type\":\"PropertyValueSpecification\",\"valueRequired\":true,\"valueName\":\"search_term_string\"}}],\"inLanguage\":\"sv-SE\"},{\"@type\":\"Person\",\"@id\":\"https:\\\/\\\/lyconnordic.se\\\/privat\\\/#\\\/schema\\\/person\\\/51863a26bcd797ecd3dcde2cef5f6029\",\"name\":\"Lycon Nordic\",\"image\":{\"@type\":\"ImageObject\",\"inLanguage\":\"sv-SE\",\"@id\":\"https:\\\/\\\/secure.gravatar.com\\\/avatar\\\/0202be705079f3659d7c06194e1f9071a710cfc145e2b21fb713ff9cbab475b3?s=96&d=mm&r=g\",\"url\":\"https:\\\/\\\/secure.gravatar.com\\\/avatar\\\/0202be705079f3659d7c06194e1f9071a710cfc145e2b21fb713ff9cbab475b3?s=96&d=mm&r=g\",\"contentUrl\":\"https:\\\/\\\/secure.gravatar.com\\\/avatar\\\/0202be705079f3659d7c06194e1f9071a710cfc145e2b21fb713ff9cbab475b3?s=96&d=mm&r=g\",\"caption\":\"Lycon Nordic\"},\"sameAs\":[\"https:\\\/\\\/lyconnordic.se\\\/privat\"],\"url\":\"https:\\\/\\\/lyconnordic.se\\\/privat\\\/author\\\/lyconnordicadmin\\\/\"}]}<\/script>\n<!-- \/ Yoast SEO plugin. -->","yoast_head_json":{"title":"F\u00f6rberedelser och efterv\u00e5rd \u2013 din checklista f\u00f6r en lyckad vaxning - LYCON Nordic - Sweden - Privat","robots":{"index":"index","follow":"follow","max-snippet":"max-snippet:-1","max-image-preview":"max-image-preview:large","max-video-preview":"max-video-preview:-1"},"canonical":"https:\/\/lyconnordic.se\/privat\/nyheter\/forberedelser-och-eftervard-din-checklista-for-en-lyckad-vaxning\/","og_locale":"sv_SE","og_type":"article","og_title":"F\u00f6rberedelser och efterv\u00e5rd \u2013 din checklista f\u00f6r en lyckad vaxning - LYCON Nordic - Sweden - Privat","og_description":"Att vaxa huden kr\u00e4ver r\u00e4tt f\u00f6rberedelser och efterv\u00e5rd f\u00f6r b\u00e4sta resultat och en behaglig upplevelse. H\u00e4r \u00e4r allt du beh\u00f6ver","og_url":"https:\/\/lyconnordic.se\/privat\/nyheter\/forberedelser-och-eftervard-din-checklista-for-en-lyckad-vaxning\/","og_site_name":"LYCON Nordic - Sweden - Privat","article_published_time":"2025-01-20T11:29:59+00:00","og_image":[{"width":853,"height":858,"url":"https:\/\/lyconnordic.se\/privat\/wp-content\/uploads\/2025\/01\/checklista-vax.png","type":"image\/png"}],"author":"Lycon Nordic","twitter_card":"summary_large_image","twitter_misc":{"Skriven av":"Lycon Nordic","Ber\u00e4knad l\u00e4stid":"2 minuter"},"schema":{"@context":"https:\/\/schema.org","@graph":[{"@type":"Article","@id":"https:\/\/lyconnordic.se\/privat\/nyheter\/forberedelser-och-eftervard-din-checklista-for-en-lyckad-vaxning\/#article","isPartOf":{"@id":"https:\/\/lyconnordic.se\/privat\/nyheter\/forberedelser-och-eftervard-din-checklista-for-en-lyckad-vaxning\/"},"author":{"name":"Lycon Nordic","@id":"https:\/\/lyconnordic.se\/privat\/#\/schema\/person\/51863a26bcd797ecd3dcde2cef5f6029"},"headline":"F\u00f6rberedelser och efterv\u00e5rd \u2013 din checklista f\u00f6r en lyckad vaxning","datePublished":"2025-01-20T11:29:59+00:00","mainEntityOfPage":{"@id":"https:\/\/lyconnordic.se\/privat\/nyheter\/forberedelser-och-eftervard-din-checklista-for-en-lyckad-vaxning\/"},"wordCount":391,"commentCount":0,"image":{"@id":"https:\/\/lyconnordic.se\/privat\/nyheter\/forberedelser-och-eftervard-din-checklista-for-en-lyckad-vaxning\/#primaryimage"},"thumbnailUrl":"https:\/\/lyconnordic.se\/privat\/wp-content\/uploads\/2025\/01\/checklista-vax.png","articleSection":["Nyheter"],"inLanguage":"sv-SE","potentialAction":[{"@type":"CommentAction","name":"Comment","target":["https:\/\/lyconnordic.se\/privat\/nyheter\/forberedelser-och-eftervard-din-checklista-for-en-lyckad-vaxning\/#respond"]}]},{"@type":"WebPage","@id":"https:\/\/lyconnordic.se\/privat\/nyheter\/forberedelser-och-eftervard-din-checklista-for-en-lyckad-vaxning\/","url":"https:\/\/lyconnordic.se\/privat\/nyheter\/forberedelser-och-eftervard-din-checklista-for-en-lyckad-vaxning\/","name":"F\u00f6rberedelser och efterv\u00e5rd \u2013 din checklista f\u00f6r en lyckad vaxning - LYCON Nordic - Sweden - Privat","isPartOf":{"@id":"https:\/\/lyconnordic.se\/privat\/#website"},"primaryImageOfPage":{"@id":"https:\/\/lyconnordic.se\/privat\/nyheter\/forberedelser-och-eftervard-din-checklista-for-en-lyckad-vaxning\/#primaryimage"},"image":{"@id":"https:\/\/lyconnordic.se\/privat\/nyheter\/forberedelser-och-eftervard-din-checklista-for-en-lyckad-vaxning\/#primaryimage"},"thumbnailUrl":"https:\/\/lyconnordic.se\/privat\/wp-content\/uploads\/2025\/01\/checklista-vax.png","datePublished":"2025-01-20T11:29:59+00:00","author":{"@id":"https:\/\/lyconnordic.se\/privat\/#\/schema\/person\/51863a26bcd797ecd3dcde2cef5f6029"},"breadcrumb":{"@id":"https:\/\/lyconnordic.se\/privat\/nyheter\/forberedelser-och-eftervard-din-checklista-for-en-lyckad-vaxning\/#breadcrumb"},"inLanguage":"sv-SE","potentialAction":[{"@type":"ReadAction","target":["https:\/\/lyconnordic.se\/privat\/nyheter\/forberedelser-och-eftervard-din-checklista-for-en-lyckad-vaxning\/"]}]},{"@type":"ImageObject","inLanguage":"sv-SE","@id":"https:\/\/lyconnordic.se\/privat\/nyheter\/forberedelser-och-eftervard-din-checklista-for-en-lyckad-vaxning\/#primaryimage","url":"https:\/\/lyconnordic.se\/privat\/wp-content\/uploads\/2025\/01\/checklista-vax.png","contentUrl":"https:\/\/lyconnordic.se\/privat\/wp-content\/uploads\/2025\/01\/checklista-vax.png","width":853,"height":858},{"@type":"BreadcrumbList","@id":"https:\/\/lyconnordic.se\/privat\/nyheter\/forberedelser-och-eftervard-din-checklista-for-en-lyckad-vaxning\/#breadcrumb","itemListElement":[{"@type":"ListItem","position":1,"name":"Hem","item":"https:\/\/lyconnordic.se\/privat\/"},{"@type":"ListItem","position":2,"name":"F\u00f6rberedelser och efterv\u00e5rd \u2013 din checklista f\u00f6r en lyckad vaxning"}]},{"@type":"WebSite","@id":"https:\/\/lyconnordic.se\/privat\/#website","url":"https:\/\/lyconnordic.se\/privat\/","name":"LYCON Nordic - Sweden","description":"Lycon Nordic - Vax, Milt h\u00e5rborttagningsvax, Brasiliansk Vaxning, Exklusivt h\u00e5rborttagningsvax","potentialAction":[{"@type":"SearchAction","target":{"@type":"EntryPoint","urlTemplate":"https:\/\/lyconnordic.se\/privat\/?s={search_term_string}"},"query-input":{"@type":"PropertyValueSpecification","valueRequired":true,"valueName":"search_term_string"}}],"inLanguage":"sv-SE"},{"@type":"Person","@id":"https:\/\/lyconnordic.se\/privat\/#\/schema\/person\/51863a26bcd797ecd3dcde2cef5f6029","name":"Lycon Nordic","image":{"@type":"ImageObject","inLanguage":"sv-SE","@id":"https:\/\/secure.gravatar.com\/avatar\/0202be705079f3659d7c06194e1f9071a710cfc145e2b21fb713ff9cbab475b3?s=96&d=mm&r=g","url":"https:\/\/secure.gravatar.com\/avatar\/0202be705079f3659d7c06194e1f9071a710cfc145e2b21fb713ff9cbab475b3?s=96&d=mm&r=g","contentUrl":"https:\/\/secure.gravatar.com\/avatar\/0202be705079f3659d7c06194e1f9071a710cfc145e2b21fb713ff9cbab475b3?s=96&d=mm&r=g","caption":"Lycon Nordic"},"sameAs":["https:\/\/lyconnordic.se\/privat"],"url":"https:\/\/lyconnordic.se\/privat\/author\/lyconnordicadmin\/"}]}},"_links":{"self":[{"href":"https:\/\/lyconnordic.se\/privat\/wp-json\/wp\/v2\/posts\/23247","targetHints":{"allow":["GET"]}}],"collection":[{"href":"https:\/\/lyconnordic.se\/privat\/wp-json\/wp\/v2\/posts"}],"about":[{"href":"https:\/\/lyconnordic.se\/privat\/wp-json\/wp\/v2\/types\/post"}],"author":[{"embeddable":true,"href":"https:\/\/lyconnordic.se\/privat\/wp-json\/wp\/v2\/users\/1"}],"replies":[{"embeddable":true,"href":"https:\/\/lyconnordic.se\/privat\/wp-json\/wp\/v2\/comments?post=23247"}],"version-history":[{"count":1,"href":"https:\/\/lyconnordic.se\/privat\/wp-json\/wp\/v2\/posts\/23247\/revisions"}],"predecessor-version":[{"id":23249,"href":"https:\/\/lyconnordic.se\/privat\/wp-json\/wp\/v2\/posts\/23247\/revisions\/23249"}],"wp:featuredmedia":[{"embeddable":true,"href":"https:\/\/lyconnordic.se\/privat\/wp-json\/wp\/v2\/media\/23248"}],"wp:attachment":[{"href":"https:\/\/lyconnordic.se\/privat\/wp-json\/wp\/v2\/media?parent=23247"}],"wp:term":[{"taxonomy":"category","embeddable":true,"href":"https:\/\/lyconnordic.se\/privat\/wp-json\/wp\/v2\/categories?post=23247"},{"taxonomy":"post_tag","embeddable":true,"href":"https:\/\/lyconnordic.se\/privat\/wp-json\/wp\/v2\/tags?post=23247"}],"curies":[{"name":"wp","href":"https:\/\/api.w.org\/{rel}","templated":true}]}}